{"id":9883,"date":"2021-03-04T14:56:25","date_gmt":"2021-03-04T17:56:25","guid":{"rendered":"https:\/\/www.colorado.com.br\/nosdacolorado\/?p=9883"},"modified":"2021-03-04T15:06:20","modified_gmt":"2021-03-04T18:06:20","slug":"9883-2","status":"publish","type":"post","link":"https:\/\/www.colorado.com.br\/nosdacolorado\/9883-2\/","title":{"rendered":"Laborat\u00f3rios da Usina Colorado e Central Energ\u00e9tica Morrinhos conquistam Pr\u00eamio Excel\u00eancia Fermentec Safra 2019\/2020"},"content":{"rendered":"<p><a href=\"https:\/\/www.colorado.com.br\/nosdacolorado\/wp-content\/uploads\/2021\/03\/UNIFICADO.png\" rel=\"prettyPhoto[gallery-6SaO]\"><img loading=\"lazy\" decoding=\"async\" class=\"aligncenter size-full wp-image-9884\" src=\"https:\/\/www.colorado.com.br\/nosdacolorado\/wp-content\/uploads\/2021\/03\/UNIFICADO.png\" alt=\"\" width=\"900\" height=\"6421\" srcset=\"https:\/\/www.colorado.com.br\/nosdacolorado\/wp-content\/uploads\/2021\/03\/UNIFICADO.png 900w, https:\/\/www.colorado.com.br\/nosdacolorado\/wp-content\/uploads\/2021\/03\/UNIFICADO-42x300.png 42w, https:\/\/www.colorado.com.br\/nosdacolorado\/wp-content\/uploads\/2021\/03\/UNIFICADO-768x5479.png 768w\" sizes=\"auto, (max-width: 900px) 100vw, 900px\" \/><\/a><\/p>\n","protected":false},"excerpt":{"rendered":"","protected":false},"author":2,"featured_media":9885,"comment_status":"open","ping_status":"open","sticky":false,"template":"","format":"standard","meta":{"footnotes":""},"categories":[11],"tags":[],"class_list":{"0":"post-9883","1":"post","2":"type-post","3":"status-publish","4":"format-standard","5":"has-post-thumbnail","7":"category-acontece-na-colorado"},"_links":{"self":[{"href":"https:\/\/www.colorado.com.br\/nosdacolorado\/wp-json\/wp\/v2\/posts\/9883","targetHints":{"allow":["GET"]}}],"collection":[{"href":"https:\/\/www.colorado.com.br\/nosdacolorado\/wp-json\/wp\/v2\/posts"}],"about":[{"href":"https:\/\/www.colorado.com.br\/nosdacolorado\/wp-json\/wp\/v2\/types\/post"}],"author":[{"embeddable":true,"href":"https:\/\/www.colorado.com.br\/nosdacolorado\/wp-json\/wp\/v2\/users\/2"}],"replies":[{"embeddable":true,"href":"https:\/\/www.colorado.com.br\/nosdacolorado\/wp-json\/wp\/v2\/comments?post=9883"}],"version-history":[{"count":3,"href":"https:\/\/www.colorado.com.br\/nosdacolorado\/wp-json\/wp\/v2\/posts\/9883\/revisions"}],"predecessor-version":[{"id":9889,"href":"https:\/\/www.colorado.com.br\/nosdacolorado\/wp-json\/wp\/v2\/posts\/9883\/revisions\/9889"}],"wp:featuredmedia":[{"embeddable":true,"href":"https:\/\/www.colorado.com.br\/nosdacolorado\/wp-json\/wp\/v2\/media\/9885"}],"wp:attachment":[{"href":"https:\/\/www.colorado.com.br\/nosdacolorado\/wp-json\/wp\/v2\/media?parent=9883"}],"wp:term":[{"taxonomy":"category","embeddable":true,"href":"https:\/\/www.colorado.com.br\/nosdacolorado\/wp-json\/wp\/v2\/categories?post=9883"},{"taxonomy":"post_tag","embeddable":true,"href":"https:\/\/www.colorado.com.br\/nosdacolorado\/wp-json\/wp\/v2\/tags?post=9883"}],"curies":[{"name":"wp","href":"https:\/\/api.w.org\/{rel}","templated":true}]}}