{"id":992,"date":"2019-10-16T14:23:11","date_gmt":"2019-10-16T17:23:11","guid":{"rendered":"http:\/\/www.colorado.com.br\/nosdacolorado\/?p=992"},"modified":"2019-10-16T15:54:17","modified_gmt":"2019-10-16T18:54:17","slug":"programa-meu-bebe-acontece-na-proxima-semana-o-31o-curso-de-gestantes-do-grupo-colorado","status":"publish","type":"post","link":"https:\/\/www.colorado.com.br\/nosdacolorado\/programa-meu-bebe-acontece-na-proxima-semana-o-31o-curso-de-gestantes-do-grupo-colorado\/","title":{"rendered":"PROGRAMA MEU BEB\u00ca: Acontece na pr\u00f3xima semana o 31\u00ba Curso de Gestantes do Grupo Colorado"},"content":{"rendered":"<p>Como parte de seu compromisso com a inf\u00e2ncia, a Usina Colorado realizar\u00e1 nos pr\u00f3ximos dias 22, 23 e 24 de outubro o 31\u00ba Curso de Gestantes. O curso \u00e9 uma forma de assegurar que todas as gestantes que trabalham na empresa ou s\u00e3o mulheres de colaboradores tenham acesso a orienta\u00e7\u00f5es, possam esclarecer d\u00favidas e preparar-se para a chegada de seus beb\u00eas.<\/p>\n<p>Confira a programa\u00e7\u00e3o:<\/p>\n<p>Dia 22<\/p>\n<p>13h30 &#8211; Carla Bruno, psicopedagoga<\/p>\n<p>15h &#8211; Vera Pasquim, nutricionista<\/p>\n<p>&nbsp;<\/p>\n<p>Dia 23<\/p>\n<p>13h30 &#8211; Dr. Trist\u00e3o, pediatra<\/p>\n<p>15h &#8211; Dr. M\u00e1rio Orsi, ginecologista e obstetra e Ana Carla, enfermeira obstetra<\/p>\n<p>&nbsp;<\/p>\n<p>Dia 24<\/p>\n<p>13h30 &#8211; M\u00e1rcio Silveira, psic\u00f3logo<\/p>\n<p>&nbsp;<\/p>\n<p>D\u00favidas e informa\u00e7\u00f5es ligue no Departamento de Comunica\u00e7\u00e3o, ramal 3480.<\/p>\n","protected":false},"excerpt":{"rendered":"<p>Como parte de seu compromisso com a inf\u00e2ncia, a Usina Colorado realizar\u00e1 nos pr\u00f3ximos dias 22, 23 e 24 de outubro o 31\u00ba Curso de Gestantes. O curso \u00e9 uma&#8230;<\/p>\n","protected":false},"author":2,"featured_media":993,"comment_status":"open","ping_status":"open","sticky":false,"template":"","format":"standard","meta":{"footnotes":""},"categories":[11],"tags":[],"class_list":{"0":"post-992","1":"post","2":"type-post","3":"status-publish","4":"format-standard","5":"has-post-thumbnail","7":"category-acontece-na-colorado"},"_links":{"self":[{"href":"https:\/\/www.colorado.com.br\/nosdacolorado\/wp-json\/wp\/v2\/posts\/992","targetHints":{"allow":["GET"]}}],"collection":[{"href":"https:\/\/www.colorado.com.br\/nosdacolorado\/wp-json\/wp\/v2\/posts"}],"about":[{"href":"https:\/\/www.colorado.com.br\/nosdacolorado\/wp-json\/wp\/v2\/types\/post"}],"author":[{"embeddable":true,"href":"https:\/\/www.colorado.com.br\/nosdacolorado\/wp-json\/wp\/v2\/users\/2"}],"replies":[{"embeddable":true,"href":"https:\/\/www.colorado.com.br\/nosdacolorado\/wp-json\/wp\/v2\/comments?post=992"}],"version-history":[{"count":1,"href":"https:\/\/www.colorado.com.br\/nosdacolorado\/wp-json\/wp\/v2\/posts\/992\/revisions"}],"predecessor-version":[{"id":994,"href":"https:\/\/www.colorado.com.br\/nosdacolorado\/wp-json\/wp\/v2\/posts\/992\/revisions\/994"}],"wp:featuredmedia":[{"embeddable":true,"href":"https:\/\/www.colorado.com.br\/nosdacolorado\/wp-json\/wp\/v2\/media\/993"}],"wp:attachment":[{"href":"https:\/\/www.colorado.com.br\/nosdacolorado\/wp-json\/wp\/v2\/media?parent=992"}],"wp:term":[{"taxonomy":"category","embeddable":true,"href":"https:\/\/www.colorado.com.br\/nosdacolorado\/wp-json\/wp\/v2\/categories?post=992"},{"taxonomy":"post_tag","embeddable":true,"href":"https:\/\/www.colorado.com.br\/nosdacolorado\/wp-json\/wp\/v2\/tags?post=992"}],"curies":[{"name":"wp","href":"https:\/\/api.w.org\/{rel}","templated":true}]}}